{"id":2728,"date":"2022-12-02T18:42:45","date_gmt":"2022-12-02T23:42:45","guid":{"rendered":"https:\/\/wviscanada.ca\/?p=2728"},"modified":"2022-12-02T18:42:51","modified_gmt":"2022-12-02T23:42:51","slug":"la-canada-assouplit-les-regles-pour-les-familles-des-travailleurs-etrangers-temporaires","status":"publish","type":"post","link":"https:\/\/wviscanada.ca\/en_ca\/la-canada-assouplit-les-regles-pour-les-familles-des-travailleurs-etrangers-temporaires\/","title":{"rendered":"La Canada assouplit les r\u00e8gles pour les familles des travailleurs \u00e9trangers temporaires"},"content":{"rendered":"<p class=\"has-black-color has-white-background-color has-text-color has-background\"><\/p>\n\n\n\n<p class=\"has-black-color has-white-background-color has-text-color has-background\">Le Canada va permettre \u00e0 tous les membres des familles des travailleurs \u00e9trangers temporaires d\u2019occuper un emploi d\u00e8s janvier prochain.<\/p>\n\n\n\n<p class=\"has-black-color has-white-background-color has-text-color has-background\">Jusqu\u2019\u00e0 pr\u00e9sent, seuls les membres des familles de <strong>\u00ab&nbsp;travailleurs qualifi\u00e9s&nbsp;\u00bb<\/strong> pouvaient b\u00e9n\u00e9ficier d\u2019un permis de travail.<\/p>\n\n\n\n<p class=\"has-black-color has-white-background-color has-text-color has-background\">Selon le gouvernement du Canada, les familles de 200&nbsp;000&nbsp;travailleurs \u00e9trangers pourraient b\u00e9n\u00e9ficier de cet assouplissement.<\/p>\n\n\n\n<p class=\"has-black-color has-white-background-color has-text-color has-background\">L\u2019annonce a \u00e9t\u00e9 faite \u00e0 Edmonton, <strong>ce vendredi, 02 d\u00e9cembre 2022<\/strong> par le ministre f\u00e9d\u00e9ral de l&rsquo;Immigration, <strong>Sean Fraser<\/strong>, et celui du Tourisme, <strong>Randy Boissonnault<\/strong>.<\/p>\n\n\n\n<p class=\"has-black-color has-white-background-color has-text-color has-background\">La nouvelle mesure sera d\u00e9ploy\u00e9e <strong>\u00e0 partir de janvier&nbsp;2023<\/strong>, les conjoints et les enfants en \u00e2ge de travailler des travailleurs \u00e9trangers temporaires pourront obtenir un permis de travail au Canada.<\/p>\n\n\n\n<p class=\"has-black-color has-white-background-color has-text-color has-background\">Si vous \u00eates concern\u00e9s par cette mesure, et souhaitez rejoindre votre famille au Canada, <strong>prenez contact avec notre cabinet pour commencer \u00e0 pr\u00e9parer votre demande d\u2019immigration<\/strong>.<\/p>\n\n\n\n<ul class=\"wp-block-list\">\n<li>Par courriel \u00e0 <a href=\"mailto:info@wviscanada.ca\">info@wviscanada.ca<\/a><\/li>\n\n\n\n<li>En ligne \u00e0 <a href=\"https:\/\/wviscanada.ca\/en_ca\/booking\/\">https:\/\/wviscanada.ca\/booking<\/a> <\/li>\n\n\n\n<li>Par WhathSapp au +1&nbsp;819-444-6691<\/li>\n\n\n\n<li><\/li>\n<\/ul>\n\n\n\n<p><\/p>","protected":false},"excerpt":{"rendered":"<p>Le Canada va permettre \u00e0 tous les membres des familles des travailleurs \u00e9trangers temporaires d\u2019occuper un emploi d\u00e8s janvier prochain. Jusqu\u2019\u00e0 pr\u00e9sent, seuls les membres des familles de \u00ab&nbsp;travailleurs qualifi\u00e9s&nbsp;\u00bb pouvaient b\u00e9n\u00e9ficier d\u2019un permis de travail. Selon le gouvernement du Canada, les familles de 200&nbsp;000&nbsp;travailleurs \u00e9trangers pourraient b\u00e9n\u00e9ficier de cet assouplissement. L\u2019annonce a \u00e9t\u00e9 faite [&hellip;]<\/p>\n","protected":false},"author":4,"featured_media":0,"comment_status":"open","ping_status":"open","sticky":false,"template":"","format":"standard","meta":{"footnotes":""},"categories":[44],"tags":[],"class_list":["post-2728","post","type-post","status-publish","format-standard","hentry","category-nouvelles"],"_links":{"self":[{"href":"https:\/\/wviscanada.ca\/en_ca\/wp-json\/wp\/v2\/posts\/2728","targetHints":{"allow":["GET"]}}],"collection":[{"href":"https:\/\/wviscanada.ca\/en_ca\/wp-json\/wp\/v2\/posts"}],"about":[{"href":"https:\/\/wviscanada.ca\/en_ca\/wp-json\/wp\/v2\/types\/post"}],"author":[{"embeddable":true,"href":"https:\/\/wviscanada.ca\/en_ca\/wp-json\/wp\/v2\/users\/4"}],"replies":[{"embeddable":true,"href":"https:\/\/wviscanada.ca\/en_ca\/wp-json\/wp\/v2\/comments?post=2728"}],"version-history":[{"count":3,"href":"https:\/\/wviscanada.ca\/en_ca\/wp-json\/wp\/v2\/posts\/2728\/revisions"}],"predecessor-version":[{"id":2732,"href":"https:\/\/wviscanada.ca\/en_ca\/wp-json\/wp\/v2\/posts\/2728\/revisions\/2732"}],"wp:attachment":[{"href":"https:\/\/wviscanada.ca\/en_ca\/wp-json\/wp\/v2\/media?parent=2728"}],"wp:term":[{"taxonomy":"category","embeddable":true,"href":"https:\/\/wviscanada.ca\/en_ca\/wp-json\/wp\/v2\/categories?post=2728"},{"taxonomy":"post_tag","embeddable":true,"href":"https:\/\/wviscanada.ca\/en_ca\/wp-json\/wp\/v2\/tags?post=2728"}],"curies":[{"name":"wp","href":"https:\/\/api.w.org\/{rel}","templated":true}]}}